{"id":1450,"date":"2022-04-26T16:22:45","date_gmt":"2022-04-26T14:22:45","guid":{"rendered":"http:\/\/www.duft-gsp\u00fcr.at\/wsvk_wp\/?p=1450"},"modified":"2022-04-26T16:22:45","modified_gmt":"2022-04-26T14:22:45","slug":"pfefferminze-einen-kuehlen-kopf-bewahren","status":"publish","type":"post","link":"http:\/\/www.duft-gsp\u00fcr.at\/wsvk_wp\/?p=1450","title":{"rendered":"Pfefferminze &#8211; einen k\u00fchlen Kopf bewahren!"},"content":{"rendered":"\n<p><\/p>\n\n\n\n<figure class=\"wp-block-image size-large is-resized\"><img loading=\"lazy\" src=\"http:\/\/www.duft-gsp\u00fcr.at\/wsvk_wp\/wp-content\/uploads\/2022\/04\/photo_2022-04-26_16-08-04-768x1024.jpg\" alt=\"\" class=\"wp-image-1451\" width=\"181\" height=\"245\"\/><\/figure>\n\n\n\n<p>Kopfweh kann echt l\u00e4stig sein, speziell wenn es der st\u00e4ndige Begleiter ist. Eine Person in meiner Familie leidet darunter \u2013 Diagnose: wahrscheinlich Migr\u00e4ne.<\/p>\n\n\n\n<p>Diese Person ist meinen D\u00fcften normalerweise eher abgeneigt.\nDoch als wir dann regelm\u00e4\u00dfig zu Schmerzmitteln greifen h\u00e4tten m\u00fcssen, durfte\nich es doch mit dem \u00e4therischen \u00d6l der Pfefferminze probieren.<\/p>\n\n\n\n<p>Und siehe da \u2013 die k\u00fchlende Wirkung verschaffte so viel\nLinderung, dass wir auf das Schmerzmittel verzichten konnten! Seither ist ein\nRoll-On mit 10%ig verd\u00fcnnten Pfefferminz\u00f6l (mit Jojoba\u00f6l) der st\u00e4ndige\nBegleiter. Wenn die Schmerzen st\u00e4rker werden, wird das verd\u00fcnnte Pfefferminz\u00f6l vorsichtig\nauf den Schl\u00e4fen aufgetragen. ACHTUNG: das \u00d6l nicht in Augenn\u00e4he bringen!<\/p>\n\n\n\n<p>Wissenschaftliche Studien belegen, dass 10%ig in Ethanol verd\u00fcnntes Pfefferminz\u00f6l eine \u00e4hnliche Wirkung wie\u00a0 1g Paracetamol und Acetylsalicyls\u00e4ure hat (Quelle: Aromatherapie f\u00fcr Pflege- und Heilberufe von Eliane Zimmermann)! Speziell bei Spannungskopfschmerzen konnten hier gute Erfolge verzeichnet werden. <\/p>\n\n\n\n<p>ACHTUNG: \u00e4therisches Pfefferminz\u00f6l bitte erst ab 6 Jahren\nverwenden<\/p>\n\n\n\n<p>Weiters haben wir noch das Hydrolat der Pfefferminze besorgt\n(bei <a href=\"http:\/\/www.feeling.at\">www.feeling.at<\/a> OHNE Alkohol\nerh\u00e4ltlich), so dass sich die Person bei Bedarf mit einem Spr\u00fcher ins Gesicht\noder auf die Pulsstellen immer \u201eabk\u00fchlen\u201c kann. <\/p>\n\n\n\n<p>So haben wir nun einen guten Weg gefunden, m\u00f6glichst\nnat\u00fcrlich auf diese Beschwerden zu reagieren!<\/p>\n","protected":false},"excerpt":{"rendered":"<p>Kopfweh kann echt l\u00e4stig sein, speziell wenn es der st\u00e4ndige Begleiter ist. Eine Person in meiner Familie leidet darunter \u2013 Diagnose: wahrscheinlich Migr\u00e4ne. Diese Person ist meinen D\u00fcften normalerweise eher abgeneigt. Doch als wir dann regelm\u00e4\u00dfig zu Schmerzmitteln greifen h\u00e4tten &hellip; <a href=\"http:\/\/www.duft-gsp\u00fcr.at\/wsvk_wp\/?p=1450\">Weiterlesen <span class=\"meta-nav\">&rarr;<\/span><\/a><\/p>\n","protected":false},"author":1,"featured_media":0,"comment_status":"open","ping_status":"open","sticky":false,"template":"","format":"standard","meta":[],"categories":[1],"tags":[],"_links":{"self":[{"href":"http:\/\/www.duft-gsp\u00fcr.at\/wsvk_wp\/index.php?rest_route=\/wp\/v2\/posts\/1450"}],"collection":[{"href":"http:\/\/www.duft-gsp\u00fcr.at\/wsvk_wp\/index.php?rest_route=\/wp\/v2\/posts"}],"about":[{"href":"http:\/\/www.duft-gsp\u00fcr.at\/wsvk_wp\/index.php?rest_route=\/wp\/v2\/types\/post"}],"author":[{"embeddable":true,"href":"http:\/\/www.duft-gsp\u00fcr.at\/wsvk_wp\/index.php?rest_route=\/wp\/v2\/users\/1"}],"replies":[{"embeddable":true,"href":"http:\/\/www.duft-gsp\u00fcr.at\/wsvk_wp\/index.php?rest_route=%2Fwp%2Fv2%2Fcomments&post=1450"}],"version-history":[{"count":1,"href":"http:\/\/www.duft-gsp\u00fcr.at\/wsvk_wp\/index.php?rest_route=\/wp\/v2\/posts\/1450\/revisions"}],"predecessor-version":[{"id":1452,"href":"http:\/\/www.duft-gsp\u00fcr.at\/wsvk_wp\/index.php?rest_route=\/wp\/v2\/posts\/1450\/revisions\/1452"}],"wp:attachment":[{"href":"http:\/\/www.duft-gsp\u00fcr.at\/wsvk_wp\/index.php?rest_route=%2Fwp%2Fv2%2Fmedia&parent=1450"}],"wp:term":[{"taxonomy":"category","embeddable":true,"href":"http:\/\/www.duft-gsp\u00fcr.at\/wsvk_wp\/index.php?rest_route=%2Fwp%2Fv2%2Fcategories&post=1450"},{"taxonomy":"post_tag","embeddable":true,"href":"http:\/\/www.duft-gsp\u00fcr.at\/wsvk_wp\/index.php?rest_route=%2Fwp%2Fv2%2Ftags&post=1450"}],"curies":[{"name":"wp","href":"https:\/\/api.w.org\/{rel}","templated":true}]}}